[{"@context":"https:\/\/schema.org\/","@type":"Article","@id":"https:\/\/www.cstvmb.cz\/vikendy-ktere-si-uzijete\/#Article","mainEntityOfPage":"https:\/\/www.cstvmb.cz\/vikendy-ktere-si-uzijete\/","headline":"V\u00edkendy, kter\u00e9 si u\u017eijete","name":"V\u00edkendy, kter\u00e9 si u\u017eijete","description":"M\u00e1te pocit, \u017ee jste uprost\u0159ed m\u011bsta jako spoutan\u00ed, uv\u011bzn\u011bn\u00ed? Neb\u00fdt pracovn\u00edch z\u00e1vazk\u016f a \u0161koln\u00edch povinnost\u00ed Va\u0161ich d\u011bt\u00ed, ji\u017e d\u00e1vno byste prchli kamsi do divo\u010diny? Pro\u010d tedy sv\u00e9 touhy alespo\u0148 \u010d\u00e1ste\u010dn\u011b nerealizujete? Pro\u010d se tr\u00e1p\u00edte ve m\u011bst\u011b i ve dnech, kdy m\u00e1te volno a mohli byste vyrazit do p\u0159\u00edrody? Nem\u00e1te-li kam, nab\u00edz\u00edme V\u00e1m lep\u0161\u00ed \u0159e\u0161en\u00ed ne\u017e...","datePublished":"2025-08-25","dateModified":"2025-08-25","author":{"@type":"Person","@id":"https:\/\/www.cstvmb.cz\/author\/#Person","name":"","url":"https:\/\/www.cstvmb.cz\/author\/","identifier":1,"image":{"@type":"ImageObject","@id":"https:\/\/secure.gravatar.com\/avatar\/9d25b0af9840660883a67790aa4f595ddc226aa4680c4cf7bc03a25c14fcef85?s=96&d=mm&r=g","url":"https:\/\/secure.gravatar.com\/avatar\/9d25b0af9840660883a67790aa4f595ddc226aa4680c4cf7bc03a25c14fcef85?s=96&d=mm&r=g","height":96,"width":96}},"publisher":{"@type":"Organization","name":"cstvmb.cz","logo":{"@type":"ImageObject","@id":"\/logo.png","url":"\/logo.png","width":600,"height":60}},"url":"https:\/\/www.cstvmb.cz\/vikendy-ktere-si-uzijete\/","wordCount":165,"articleBody":"M\u00e1te pocit, \u017ee jste uprost\u0159ed m\u011bsta jako spoutan\u00ed, uv\u011bzn\u011bn\u00ed? Neb\u00fdt pracovn\u00edch z\u00e1vazk\u016f a \u0161koln\u00edch povinnost\u00ed Va\u0161ich d\u011bt\u00ed, ji\u017e d\u00e1vno byste prchli kamsi do divo\u010diny? Pro\u010d tedy sv\u00e9 touhy alespo\u0148 \u010d\u00e1ste\u010dn\u011b nerealizujete? Pro\u010d se tr\u00e1p\u00edte ve m\u011bst\u011b i ve dnech, kdy m\u00e1te volno a mohli byste vyrazit do p\u0159\u00edrody? Nem\u00e1te-li kam, nab\u00edz\u00edme V\u00e1m lep\u0161\u00ed \u0159e\u0161en\u00ed ne\u017e pronaj\u00edmat si pravideln\u011b pokoj v penzionu. Pohodl\u00ed za p\u0159\u00edjemnou cenu Jist\u011b uzn\u00e1te, \u017ee jezdit \u201edo sv\u00e9ho\u201c je n\u011bco zcela jin\u00e9ho ne\u017e pron\u00e1jem pokoj\u016f. Jak to ale za\u0159\u00eddit, kdy\u017e rozpo\u010det nen\u00ed neomezen\u00fd? Sly\u0161eli jste ji\u017e o mobiln\u00edch domech? Jejich cena je nesrovnateln\u00e1 s jejich klasick\u00fdmi brat\u0159\u00ed\u010dky, pohodl\u00ed ov\u0161em zcela srovnateln\u00e9. A co kdy\u017e V\u00e1m navrch \u0159ekneme, \u017ee m\u016f\u017eete bydlet t\u0159eba hned, sta\u010d\u00ed se s n\u00e1mi jen dohodnout na podrobnostech?                                                                                                                                                                                                                                                                                                                                                                                                "},{"@context":"https:\/\/schema.org\/","@type":"BreadcrumbList","itemListElement":[{"@type":"ListItem","position":1,"name":"V\u00edkendy, kter\u00e9 si u\u017eijete","item":"https:\/\/www.cstvmb.cz\/vikendy-ktere-si-uzijete\/#breadcrumbitem"}]}]