[{"@context":"https:\/\/schema.org\/","@type":"Article","@id":"https:\/\/www.cstvmb.cz\/moda-pro-me\/#Article","mainEntityOfPage":"https:\/\/www.cstvmb.cz\/moda-pro-me\/","headline":"M\u00f3da pro m\u011b","name":"M\u00f3da pro m\u011b","description":"Jako ka\u017ed\u00e1 d\u00edvka tak taky j\u00e1 m\u00e1m r\u00e1da m\u00f3du. Opravdu moc r\u00e1da se obl\u00e9k\u00e1m a taky se zkou\u0161\u00edm r\u016fzn\u00e9 oble\u010den\u00ed. Tak\u017ee kdy\u017e t\u0159eba jedeme s kamar\u00e1dkami nakupovat oble\u010den\u00ed, tak v m\u00f3dn\u00edch p\u0159evl\u00e9kac\u00edch kabink\u00e1ch se moc r\u00e1dy p\u0159evl\u00e9k\u00e1me a ukazujeme se samy sob\u011b. S kamar\u00e1dkou taky moc r\u00e1dy jezd\u00edme do ciziny nakupovat m\u00f3du. A nezaj\u00edm\u00e1 m\u011b...","datePublished":"2022-05-24","dateModified":"2023-05-16","author":{"@type":"Person","@id":"https:\/\/www.cstvmb.cz\/author\/#Person","name":"","url":"https:\/\/www.cstvmb.cz\/author\/","identifier":1,"image":{"@type":"ImageObject","@id":"https:\/\/secure.gravatar.com\/avatar\/9d25b0af9840660883a67790aa4f595ddc226aa4680c4cf7bc03a25c14fcef85?s=96&d=mm&r=g","url":"https:\/\/secure.gravatar.com\/avatar\/9d25b0af9840660883a67790aa4f595ddc226aa4680c4cf7bc03a25c14fcef85?s=96&d=mm&r=g","height":96,"width":96}},"publisher":{"@type":"Organization","name":"cstvmb.cz","logo":{"@type":"ImageObject","@id":"\/logo.png","url":"\/logo.png","width":600,"height":60}},"image":{"@type":"ImageObject","@id":"https:\/\/www.cstvmb.cz\/wp-content\/uploads\/girls-1741925_960_720_2.jpg","url":"https:\/\/www.cstvmb.cz\/wp-content\/uploads\/girls-1741925_960_720_2.jpg","height":0,"width":0},"url":"https:\/\/www.cstvmb.cz\/moda-pro-me\/","about":["M\u00f3da"],"wordCount":434,"articleBody":"Jako ka\u017ed\u00e1 d\u00edvka tak taky j\u00e1 m\u00e1m r\u00e1da m\u00f3du. Opravdu moc r\u00e1da se obl\u00e9k\u00e1m a taky se zkou\u0161\u00edm r\u016fzn\u00e9 oble\u010den\u00ed. Tak\u017ee kdy\u017e t\u0159eba jedeme s kamar\u00e1dkami nakupovat oble\u010den\u00ed, tak v m\u00f3dn\u00edch p\u0159evl\u00e9kac\u00edch kabink\u00e1ch se moc r\u00e1dy p\u0159evl\u00e9k\u00e1me a ukazujeme se samy sob\u011b. S kamar\u00e1dkou taky moc r\u00e1dy jezd\u00edme do ciziny nakupovat m\u00f3du. A nezaj\u00edm\u00e1 m\u011b pouze jenom m\u00f3da, ale taky kosmetika. Moc r\u00e1da chod\u00edm ke kosmeti\u010dce. Taky jsem u\u017e n\u011bkolikr\u00e1t byla u krej\u010dov\u00e9, abych si nechala na zak\u00e1zku u\u0161\u00edt \u0161aty, proto\u017ee byl to pro m\u011b opravdu hodn\u011b d\u016fle\u017eit\u00e9 ve\u010der. M\u011bla jsem j\u00edt poprv\u00e9 na pracovn\u00ed ve\u010de\u0159i, kter\u00e1 m\u011bla b\u00fdt opravdu hodn\u011b honosn\u00e1 a luxusn\u00ed. Tak\u017ee p\u0159eci nep\u016fjdu jenom v oby\u010dejn\u00fdch m\u00f3dn\u00edch \u0161atech.\u00a0Ale\u00a0cht\u011bla jsem ud\u011blat n\u011bjak\u00e9 kvalitn\u00ed a perfektn\u00ed \u0161aty p\u0159\u00edmo na speci\u00e1ln\u00ed ve\u010der. Samoz\u0159ejm\u011b, \u017ee to nesm\u00ed b\u00fdt opravdu moc vyz\u00fdvav\u00e9 \u0161aty, ale taky nesm\u00ed p\u016fsobit \u00fapln\u011b lacin\u011b. Cht\u011bla jsem n\u011bco opravdu business\u00a0code\u00a0aby byl, ale taky n\u011bco kr\u00e1sn\u00e9ho, \u010deho si v\u0161imne ka\u017ed\u00fd na prvn\u00ed pohled. Tak\u017ee jsem si \u0159ekla, \u017ee u\u0161\u00edt si \u0161aty speci\u00e1ln\u011b pro m\u011b bude \u00fapln\u011b to nejlep\u0161\u00ed.Tak jsem si \u0159ekla, \u017ee tohle bude nejlep\u0161\u00ed n\u00e1pad. A ud\u011blala jsem opravdu dob\u0159e. Pan\u00ed krej\u010dov\u00e1 mi ud\u011blala opravdu tak dokonal\u00e9 \u0161aty, \u017ee jsem si je ani necht\u011bla sundat. A bylo mi l\u00edto si je vz\u00edt pouze jenom na jeden ve\u010der. Tak\u017ee tyto \u0161aty jsem u\u017e m\u011bla na sebe celkem t\u0159ikr\u00e1t, a to na oslav\u011b narozenin a taky na jedn\u00e9 svatb\u011b. Bylo mi \u00fapln\u011b skv\u011ble, proto\u017ee ka\u017ed\u00fd mi tyto \u0161aty chv\u00e1lil.\u00a0Holt\u00a0v m\u00f3d\u011b se prost\u011b \u010dlov\u011bk mus\u00ed vyznat. A j\u00e1 si mysl\u00edm, \u017ee v m\u00f3d\u011b m\u00e1m asi praxe docela dost. Jak jinak byste mi\u00a0vysv\u011btili, \u017ee ke m\u011b si chod\u00ed pro rady kamar\u00e1dky,\u00a0ale\u00a0taky\u00a0m\u00e1miny zn\u00e1m\u00e9, abych jim\u00a0poradila, jak se\u00a0na\u00a0n\u011bjak\u00e9 speci\u00e1ln\u00ed\u00a0p\u0159\u00edle\u017eitosti\u00a0obl\u00e9ct? Jsem za to r\u00e1da,\u00a0proto\u017ee\u00a0m\u00f3du\u00a0opravdu\u00a0\u017eiji a mrz\u00ed m\u011b, \u017ee jsem\u00a0ne\u0161la studovat krej\u010dovstv\u00ed. Mo\u017en\u00e1 bych nyn\u00ed \u017eila jinde a m\u011bla bych se jinak.\u00a0                                                                                                                                                                                                                                                                                                                                                                                        3.6\/5 - (12 votes)        "},{"@context":"https:\/\/schema.org\/","@type":"BreadcrumbList","itemListElement":[{"@type":"ListItem","position":1,"name":"M\u00f3da pro m\u011b","item":"https:\/\/www.cstvmb.cz\/moda-pro-me\/#breadcrumbitem"}]}]